{"id":563,"date":"2018-02-07T16:30:26","date_gmt":"2018-02-07T15:30:26","guid":{"rendered":"http:\/\/asso-riposte.fr\/?p=563"},"modified":"2018-02-07T16:30:26","modified_gmt":"2018-02-07T15:30:26","slug":"en-cas-de-froid-la-ville-de-bagnols-a-ce-quil-faut-en-hebergement-durgence","status":"publish","type":"post","link":"https:\/\/asso-riposte.fr\/index.php\/2018\/02\/07\/en-cas-de-froid-la-ville-de-bagnols-a-ce-quil-faut-en-hebergement-durgence\/","title":{"rendered":"En cas de froid, la ville de Bagnols a ce qu\u2019il faut en h\u00e9bergement d\u2019urgence"},"content":{"rendered":"<h2><a href=\"http:\/\/asso-riposte.fr\/wp-content\/uploads\/2018\/02\/1624343_912_data-art-106130746_667x333.jpg\"><img loading=\"lazy\" decoding=\"async\" class=\"alignnone wp-image-564 size-full\" src=\"http:\/\/asso-riposte.fr\/wp-content\/uploads\/2018\/02\/1624343_912_data-art-106130746_667x333.jpg\" alt=\"\" width=\"667\" height=\"333\" srcset=\"https:\/\/asso-riposte.fr\/wp-content\/uploads\/2018\/02\/1624343_912_data-art-106130746_667x333.jpg 667w, https:\/\/asso-riposte.fr\/wp-content\/uploads\/2018\/02\/1624343_912_data-art-106130746_667x333-300x150.jpg 300w\" sizes=\"auto, (max-width: 667px) 100vw, 667px\" \/><\/a><\/h2>\n<h2>Douze places, g\u00e9r\u00e9es par le centre communal d&rsquo;action sociale, sont disponibles en permanence en cas de grand froid.<\/h2>\n<p>Le retour du froid am\u00e8ne toujours \u00e0 s&rsquo;interroger sur la capacit\u00e9 de la ville \u00e0 fournir un h\u00e9bergement d&rsquo;urgence en cas de besoin. \u201cNous avons douze places imm\u00e9diatement disponibles en cas de grand froid\u201d, rappelle Denis Rieu, le premier adjoint au maire de Bagnols, qui est charg\u00e9 de ces questions \u00e0 la municipalit\u00e9.<\/p>\n<p class=\"txt-let-1\">\u201cSix de ces places sont utilis\u00e9es assez r\u00e9guli\u00e8rement en cas de probl\u00e8me : des personnes qui connaissent des situations d\u00e9licates subitement, se retrouvent \u00e0 la rue. Ce sont six chambres qui peuvent accueillir deux personnes (avec des lits superpos\u00e9s) en cas de besoin.\u201d<\/p>\n<p class=\"txt-cou\">Ce dispositif est g\u00e9r\u00e9 par le centre communal d&rsquo;action sociale (CCAS). \u201cCe matin, elles n&rsquo;\u00e9taient pas toutes occup\u00e9es, ajoute Denis Rieu, mais \u00e7a peut \u00e9voluer tr\u00e8s vite.\u201d L&rsquo;\u00e9lu rappelle bien qu&rsquo;il s&rsquo;agit d&rsquo;une mise \u00e0 l&rsquo;abri, valable pour une ou deux nuits et non pas d&rsquo;une solution de logement. \u201cMais, entre ce que nous proposons, les ressources de l&rsquo;association Riposte et ce qu&rsquo;il y a \u00e0 Pont-Saint-Esprit, on arrive \u00e0 r\u00e9pondre au besoin. On ne laisse personne dehors en cette p\u00e9riode.\u201d<\/p>\n<p class=\"txt-cou\">Lire la suite : <a href=\"http:\/\/www.midilibre.fr\/2018\/02\/06\/en-cas-de-froid-la-ville-de-bagnols-a-ce-qu-il-faut-en-hebergement-d-urgence,1624343.php\" target=\"_blank\" rel=\"noopener noreferrer\">http:\/\/www.midilibre.fr\/2018\/02\/06\/en-cas-de-froid-la-ville-de-bagnols-a-ce-qu-il-faut-en-hebergement-d-urgence,1624343.php<\/a><\/p>\n","protected":false},"excerpt":{"rendered":"<p>Douze places, g\u00e9r\u00e9es par le centre communal d&rsquo;action sociale, sont disponibles en permanence en cas de grand froid. Le retour du froid am\u00e8ne toujours \u00e0 s&rsquo;interroger sur la capacit\u00e9 de la ville \u00e0 fournir un h\u00e9bergement d&rsquo;urgence en cas de besoin. \u201cNous avons douze places imm\u00e9diatement disponibles en cas de grand froid\u201d, rappelle Denis Rieu, &hellip; <\/p>\n<p class=\"link-more\"><a href=\"https:\/\/asso-riposte.fr\/index.php\/2018\/02\/07\/en-cas-de-froid-la-ville-de-bagnols-a-ce-quil-faut-en-hebergement-durgence\/\" class=\"more-link\">Continuer la lecture<span class=\"screen-reader-text\"> de &laquo;&nbsp;En cas de froid, la ville de Bagnols a ce qu\u2019il faut en h\u00e9bergement d\u2019urgence&nbsp;&raquo;<\/span><\/a><\/p>\n","protected":false},"author":1,"featured_media":0,"comment_status":"open","ping_status":"open","sticky":false,"template":"","format":"standard","meta":{"footnotes":""},"categories":[1],"tags":[],"class_list":["post-563","post","type-post","status-publish","format-standard","hentry","category-non-classe"],"_links":{"self":[{"href":"https:\/\/asso-riposte.fr\/index.php\/wp-json\/wp\/v2\/posts\/563","targetHints":{"allow":["GET"]}}],"collection":[{"href":"https:\/\/asso-riposte.fr\/index.php\/wp-json\/wp\/v2\/posts"}],"about":[{"href":"https:\/\/asso-riposte.fr\/index.php\/wp-json\/wp\/v2\/types\/post"}],"author":[{"embeddable":true,"href":"https:\/\/asso-riposte.fr\/index.php\/wp-json\/wp\/v2\/users\/1"}],"replies":[{"embeddable":true,"href":"https:\/\/asso-riposte.fr\/index.php\/wp-json\/wp\/v2\/comments?post=563"}],"version-history":[{"count":1,"href":"https:\/\/asso-riposte.fr\/index.php\/wp-json\/wp\/v2\/posts\/563\/revisions"}],"predecessor-version":[{"id":565,"href":"https:\/\/asso-riposte.fr\/index.php\/wp-json\/wp\/v2\/posts\/563\/revisions\/565"}],"wp:attachment":[{"href":"https:\/\/asso-riposte.fr\/index.php\/wp-json\/wp\/v2\/media?parent=563"}],"wp:term":[{"taxonomy":"category","embeddable":true,"href":"https:\/\/asso-riposte.fr\/index.php\/wp-json\/wp\/v2\/categories?post=563"},{"taxonomy":"post_tag","embeddable":true,"href":"https:\/\/asso-riposte.fr\/index.php\/wp-json\/wp\/v2\/tags?post=563"}],"curies":[{"name":"wp","href":"https:\/\/api.w.org\/{rel}","templated":true}]}}